
{"id":1462,"date":"2020-09-27T07:03:42","date_gmt":"2020-09-27T07:03:42","guid":{"rendered":"https:\/\/wss-osnabrueck.de\/?p=1462"},"modified":"2020-09-27T07:04:00","modified_gmt":"2020-09-27T07:04:00","slug":"immobilien-maklerprovision-bei-kauf-wird-ab-dezember-geteilt","status":"publish","type":"post","link":"https:\/\/wss-osnabrueck.de\/?p=1462","title":{"rendered":"Immobilien: Maklerprovision bei Kauf wird ab Dezember geteilt"},"content":{"rendered":"<p>Im Bundesgesetzblatt vom 23. Juni 2020 wurde das Gesetz \u00fcber die Verteilung der Maklerkosten bei der Vermittlung von Kaufvertr\u00e4gen \u00fcber Wohnungen und Einfamilienh\u00e4user verk\u00fcndet (BGBl. I vom 23.6.2020, S. 1245).<\/p>\n<p>Es wird unter anderem ein Formerfordernis (Textform) f\u00fcr den Maklervertrag eingef\u00fchrt, der sich auf den Abschluss eines Kaufvertrags \u00fcber eine Wohnung oder ein Einfamilienhaus bezieht (\u00a7 656a BGB n.F.).<\/p>\n<p>Zudem ist vorgesehen, dass der Lohnanspruch bei T\u00e4tigkeit f\u00fcr beide Parteien nur eine Verteilung in gleicher H\u00f6he zul\u00e4sst. Eine Abw\u00e4lzung der Maklerkosten auf die andere Vertragspartei ist nur m\u00f6glich, wenn die Partei, die den Maklervertrag abgeschlossen hat, zur Zahlung des Maklerlohns mindestens in gleicher H\u00f6he verpflichtet bleibt (\u00a7 656d BGB n.F.).<\/p>\n<p><strong>Achtung: Wenn der Verk\u00e4ufer den Makler beauftragt und keine Abw\u00e4lzung mit dem K\u00e4ufer vereinbart, zahlt er den Makler weiterhin alleine.<\/strong><\/p>\n<p>Nur wenn der K\u00e4ufer der Immobilie als Verbraucher handelt, gelten die neuen Regeln. Handelt der Erwerber hingegen im Rahmen einer gewerblichen T\u00e4tigkeit, kann die Verteilung der Maklerkosten auch weiterhin anderweitig vereinbart werden.<\/p>\n<p>Ob der Makler Unternehmer ist oder nicht, ist hingegen unerheblich. Auch \u201eGelegenheitsmakler\u201c, die nur in geringem Umfang t\u00e4tig sind, unterliegen den neuen Vorschriften.<\/p>\n<p><strong>Die Regelung gilt nicht f\u00fcr Mehrparteienh\u00e4user und Gewerbeimmobilien. <\/strong><\/p>\n<p>Sprechen Sie uns bei Fragen gerne an.<\/p>\n<p>weitere Infos:<\/p>\n<p><a href=\"https:\/\/wss-osnabrueck.de\/immobilien-maklerprovision-bei-kauf-wird-ab-dezember-geteilt\/infoblatt_wss_immobiliien_maklerprovision_halbteilung\/\" rel=\"attachment wp-att-1463\">Infoblatt_WSS_Immobiliien_Maklerprovision_Halbteilung<\/a><\/p>\n","protected":false},"excerpt":{"rendered":"<p>Im Bundesgesetzblatt vom 23. Juni 2020 wurde das Gesetz \u00fcber die Verteilung der Maklerkosten bei der Vermittlung von Kaufvertr\u00e4gen \u00fcber Wohnungen und Einfamilienh\u00e4user verk\u00fcndet (BGBl. I vom 23.6.2020, S. 1245). Es wird unter anderem ein Formerfordernis (Textform) f\u00fcr den Maklervertrag eingef\u00fchrt, der sich auf den Abschluss eines Kaufvertrags \u00fcber eine Wohnung oder ein Einfamilienhaus bezieht [&hellip;]<\/p>\n","protected":false},"author":5,"featured_media":442,"comment_status":"closed","ping_status":"closed","sticky":false,"template":"","format":"standard","meta":{"footnotes":""},"categories":[4,1],"tags":[],"class_list":["post-1462","post","type-post","status-publish","format-standard","has-post-thumbnail","hentry","category-aktuelles","category-uncategorized"],"_links":{"self":[{"href":"https:\/\/wss-osnabrueck.de\/index.php?rest_route=\/wp\/v2\/posts\/1462","targetHints":{"allow":["GET"]}}],"collection":[{"href":"https:\/\/wss-osnabrueck.de\/index.php?rest_route=\/wp\/v2\/posts"}],"about":[{"href":"https:\/\/wss-osnabrueck.de\/index.php?rest_route=\/wp\/v2\/types\/post"}],"author":[{"embeddable":true,"href":"https:\/\/wss-osnabrueck.de\/index.php?rest_route=\/wp\/v2\/users\/5"}],"replies":[{"embeddable":true,"href":"https:\/\/wss-osnabrueck.de\/index.php?rest_route=%2Fwp%2Fv2%2Fcomments&post=1462"}],"version-history":[{"count":3,"href":"https:\/\/wss-osnabrueck.de\/index.php?rest_route=\/wp\/v2\/posts\/1462\/revisions"}],"predecessor-version":[{"id":1466,"href":"https:\/\/wss-osnabrueck.de\/index.php?rest_route=\/wp\/v2\/posts\/1462\/revisions\/1466"}],"wp:featuredmedia":[{"embeddable":true,"href":"https:\/\/wss-osnabrueck.de\/index.php?rest_route=\/wp\/v2\/media\/442"}],"wp:attachment":[{"href":"https:\/\/wss-osnabrueck.de\/index.php?rest_route=%2Fwp%2Fv2%2Fmedia&parent=1462"}],"wp:term":[{"taxonomy":"category","embeddable":true,"href":"https:\/\/wss-osnabrueck.de\/index.php?rest_route=%2Fwp%2Fv2%2Fcategories&post=1462"},{"taxonomy":"post_tag","embeddable":true,"href":"https:\/\/wss-osnabrueck.de\/index.php?rest_route=%2Fwp%2Fv2%2Ftags&post=1462"}],"curies":[{"name":"wp","href":"https:\/\/api.w.org\/{rel}","templated":true}]}}