
{"id":1384,"date":"2020-08-28T07:18:19","date_gmt":"2020-08-28T07:18:19","guid":{"rendered":"https:\/\/wss-osnabrueck.de\/?p=1384"},"modified":"2020-08-28T07:42:25","modified_gmt":"2020-08-28T07:42:25","slug":"vorsorgevollmacht-in-coronarzeiten","status":"publish","type":"post","link":"https:\/\/wss-osnabrueck.de\/?p=1384","title":{"rendered":"Vorsorgevollmacht in Coronazeiten"},"content":{"rendered":"<p>Das Gesetz sieht in den \u00a7\u00a7 1896 ff. BGB f\u00fcr den Fall, dass ein Vollj\u00e4hriger aufgrund einer psychischen Krankheit oder einer k\u00f6rperlichen, geistigen oder seelischen Behinderung seine Angelegenheiten ganz oder teilweise nicht besorgen kann, die betreuungsgerichtliche Bestellung eines Betreuers vor.<\/p>\n<p>Der Betroffene ist dem Betreuungsgericht vorzuf\u00fchren und pers\u00f6nlich anzuh\u00f6ren, ohne ein Sachverst\u00e4ndigengutachten darf keine Betreuung angeordnet werden. Der vom Gericht bestellte Betreuer unterliegt gegen\u00fcber dem Gericht einer st\u00e4ndigen Berichts- und Rechenschaftspflicht.<\/p>\n<p><strong>Auf die Person des Betreuers hat der Betreute in den meisten F\u00e4llen wenig Einfluss.<\/strong> In den meisten F\u00e4llen wird vom Betreuungsgericht ein dem Betreuten v\u00f6llig unbekannter ehrenamtlicher oder Berufsbetreuer bestellt. Die Alternative des gesetzlichen Regelfalls ist die Vorsorgevollmacht.Der Gesetzgeber legt fest, dass eine Betreuung nur dann angeordnet werden kann, wenn der Gesch\u00e4ftsunf\u00e4hige nicht vorher selbst f\u00fcr den Fall der Gesch\u00e4ftsunf\u00e4higkeit einen Dritten mit der Wahrnehmung seiner Rechte beauftragt hat, \u00a7 1896 Abs. 2 S. 2 BGB.<\/p>\n<p>Aufgrund der Beatmung, die bei einer Covid-19-Erkrankung durchgef\u00fchrt werden muss, k\u00f6nnte die Notwendigkeit eines bestellten oder selbst beauftragten Betreuers\/Bevollm\u00e4chtigten entstehen.<\/p>\n<p>Eine Vorsorgevollmacht bietet den Vorteil, selbstbestimmt und individuell die eigenen Angelegenheiten regeln zu k\u00f6nnen. Insbesondere aber, die Person des Bevollm\u00e4chtigten nach eigenen Kriterien und Vertrauen zu bestimmten. Ein gesetzlich bestellter Betreuer bekommt in der Regel alle Aufgabenbereiche (Verm\u00f6genssorge, Gesundheitssorge, Aufenthaltsbestimmungsrecht, Vertretung gegen\u00fcber Beh\u00f6rden und \u00c4mtern) und \u2013 in seltenen F\u00e4llen auch \u2013 den Einwilligungsvorbehalt \u00fcbertragen.<\/p>\n","protected":false},"excerpt":{"rendered":"<p>Das Gesetz sieht in den \u00a7\u00a7 1896 ff. BGB f\u00fcr den Fall, dass ein Vollj\u00e4hriger aufgrund einer psychischen Krankheit oder einer k\u00f6rperlichen, geistigen oder seelischen Behinderung seine Angelegenheiten ganz oder teilweise nicht besorgen kann, die betreuungsgerichtliche Bestellung eines Betreuers vor. Der Betroffene ist dem Betreuungsgericht vorzuf\u00fchren und pers\u00f6nlich anzuh\u00f6ren, ohne ein Sachverst\u00e4ndigengutachten darf keine Betreuung [&hellip;]<\/p>\n","protected":false},"author":5,"featured_media":945,"comment_status":"closed","ping_status":"closed","sticky":false,"template":"","format":"standard","meta":{"footnotes":""},"categories":[4,6],"tags":[],"class_list":["post-1384","post","type-post","status-publish","format-standard","has-post-thumbnail","hentry","category-aktuelles","category-erbrecht"],"_links":{"self":[{"href":"https:\/\/wss-osnabrueck.de\/index.php?rest_route=\/wp\/v2\/posts\/1384","targetHints":{"allow":["GET"]}}],"collection":[{"href":"https:\/\/wss-osnabrueck.de\/index.php?rest_route=\/wp\/v2\/posts"}],"about":[{"href":"https:\/\/wss-osnabrueck.de\/index.php?rest_route=\/wp\/v2\/types\/post"}],"author":[{"embeddable":true,"href":"https:\/\/wss-osnabrueck.de\/index.php?rest_route=\/wp\/v2\/users\/5"}],"replies":[{"embeddable":true,"href":"https:\/\/wss-osnabrueck.de\/index.php?rest_route=%2Fwp%2Fv2%2Fcomments&post=1384"}],"version-history":[{"count":4,"href":"https:\/\/wss-osnabrueck.de\/index.php?rest_route=\/wp\/v2\/posts\/1384\/revisions"}],"predecessor-version":[{"id":1389,"href":"https:\/\/wss-osnabrueck.de\/index.php?rest_route=\/wp\/v2\/posts\/1384\/revisions\/1389"}],"wp:featuredmedia":[{"embeddable":true,"href":"https:\/\/wss-osnabrueck.de\/index.php?rest_route=\/wp\/v2\/media\/945"}],"wp:attachment":[{"href":"https:\/\/wss-osnabrueck.de\/index.php?rest_route=%2Fwp%2Fv2%2Fmedia&parent=1384"}],"wp:term":[{"taxonomy":"category","embeddable":true,"href":"https:\/\/wss-osnabrueck.de\/index.php?rest_route=%2Fwp%2Fv2%2Fcategories&post=1384"},{"taxonomy":"post_tag","embeddable":true,"href":"https:\/\/wss-osnabrueck.de\/index.php?rest_route=%2Fwp%2Fv2%2Ftags&post=1384"}],"curies":[{"name":"wp","href":"https:\/\/api.w.org\/{rel}","templated":true}]}}