
{"id":1369,"date":"2020-08-24T14:54:09","date_gmt":"2020-08-24T14:54:09","guid":{"rendered":"https:\/\/wss-osnabrueck.de\/?p=1369"},"modified":"2020-08-24T14:55:34","modified_gmt":"2020-08-24T14:55:34","slug":"rechtsanwalt-schimmoeller-ist-fachanwalt-fuer-bau-und-architektenrecht","status":"publish","type":"post","link":"https:\/\/wss-osnabrueck.de\/?p=1369","title":{"rendered":"Rechtsanwalt Schimm\u00f6ller ist Fachanwalt f\u00fcr Bau- und Architektenrecht"},"content":{"rendered":"<p>Mit Urkunde vcom 20.08.2020 wurde Herrn Rechtsanwalt Tobias Schimm\u00f6ller gestattet, die Bezeichnung &#8222;Fachanwalt f\u00fcr Bau- und Architektenrecht&#8220; zu f\u00fchren.<\/p>\n<p>Die Soziet\u00e4t Welp | Schimm\u00f6ller | Strau\u00df gratuliert herzlich zu dieser Auszeichnung.<\/p>\n<p>Nach \u00a7 14 e der Fachanwaltsordnung hat Herr Schimm\u00f6ller besondere Kenntnisse im Bau- und Architektenrecht in folgenden Bereichen nachgewiesen:<\/p>\n<ul>\n<li>Bauvertragsrecht,<\/li>\n<li>Recht der Architekten und Ingenieure,<\/li>\n<li>Recht der \u00f6ffentlichen Vergabe von Bauauftr\u00e4gen,<\/li>\n<li>Grundz\u00fcge des \u00f6ffentlichen Baurechts,<\/li>\n<li>Besonderheiten der Verfahrens- und Prozessf\u00fchrung.<\/li>\n<\/ul>\n","protected":false},"excerpt":{"rendered":"<p>Mit Urkunde vcom 20.08.2020 wurde Herrn Rechtsanwalt Tobias Schimm\u00f6ller gestattet, die Bezeichnung &#8222;Fachanwalt f\u00fcr Bau- und Architektenrecht&#8220; zu f\u00fchren. Die Soziet\u00e4t Welp | Schimm\u00f6ller | Strau\u00df gratuliert herzlich zu dieser Auszeichnung. Nach \u00a7 14 e der Fachanwaltsordnung hat Herr Schimm\u00f6ller besondere Kenntnisse im Bau- und Architektenrecht in folgenden Bereichen nachgewiesen: Bauvertragsrecht, Recht der Architekten und [&hellip;]<\/p>\n","protected":false},"author":5,"featured_media":945,"comment_status":"closed","ping_status":"closed","sticky":false,"template":"","format":"standard","meta":{"footnotes":""},"categories":[4,1],"tags":[],"class_list":["post-1369","post","type-post","status-publish","format-standard","has-post-thumbnail","hentry","category-aktuelles","category-uncategorized"],"_links":{"self":[{"href":"https:\/\/wss-osnabrueck.de\/index.php?rest_route=\/wp\/v2\/posts\/1369","targetHints":{"allow":["GET"]}}],"collection":[{"href":"https:\/\/wss-osnabrueck.de\/index.php?rest_route=\/wp\/v2\/posts"}],"about":[{"href":"https:\/\/wss-osnabrueck.de\/index.php?rest_route=\/wp\/v2\/types\/post"}],"author":[{"embeddable":true,"href":"https:\/\/wss-osnabrueck.de\/index.php?rest_route=\/wp\/v2\/users\/5"}],"replies":[{"embeddable":true,"href":"https:\/\/wss-osnabrueck.de\/index.php?rest_route=%2Fwp%2Fv2%2Fcomments&post=1369"}],"version-history":[{"count":2,"href":"https:\/\/wss-osnabrueck.de\/index.php?rest_route=\/wp\/v2\/posts\/1369\/revisions"}],"predecessor-version":[{"id":1372,"href":"https:\/\/wss-osnabrueck.de\/index.php?rest_route=\/wp\/v2\/posts\/1369\/revisions\/1372"}],"wp:featuredmedia":[{"embeddable":true,"href":"https:\/\/wss-osnabrueck.de\/index.php?rest_route=\/wp\/v2\/media\/945"}],"wp:attachment":[{"href":"https:\/\/wss-osnabrueck.de\/index.php?rest_route=%2Fwp%2Fv2%2Fmedia&parent=1369"}],"wp:term":[{"taxonomy":"category","embeddable":true,"href":"https:\/\/wss-osnabrueck.de\/index.php?rest_route=%2Fwp%2Fv2%2Fcategories&post=1369"},{"taxonomy":"post_tag","embeddable":true,"href":"https:\/\/wss-osnabrueck.de\/index.php?rest_route=%2Fwp%2Fv2%2Ftags&post=1369"}],"curies":[{"name":"wp","href":"https:\/\/api.w.org\/{rel}","templated":true}]}}