
{"id":1209,"date":"2019-05-19T19:25:11","date_gmt":"2019-05-19T19:25:11","guid":{"rendered":"https:\/\/wss-osnabrueck.de\/?p=1209"},"modified":"2019-05-19T19:26:33","modified_gmt":"2019-05-19T19:26:33","slug":"geplante-verschaerfung-des-grunderwerbsteuergesetzes-fuer-share-deals","status":"publish","type":"post","link":"https:\/\/wss-osnabrueck.de\/?p=1209","title":{"rendered":"Geplante Versch\u00e4rfung des Grunderwerbsteuergesetzes f\u00fcr share deals"},"content":{"rendered":"<p>Seitens des Gesetzgebers bestehen Bestrebungen, die Grunderwerbsteuer im Bereich der Anteils\u00fcbertragungen an grundbesitzenden Gesellschaften zu versch\u00e4rfen. Die L\u00e4nderfinanzminister haben sich unter anderem auf folgende Ma\u00dfnahmen mehrheitlich verst\u00e4ndigt:<\/p>\n<p>&#8211; Verl\u00e4ngerung der Fristen von 5 auf 10 Jahre<br \/>\n&#8211; Die derzeitigen F\u00fcnfjahresfristen in den Vorschriften des Grunderwerbsteuergesetzes sollen auf zehn Jahre verl\u00e4ngert werden.<br \/>\n&#8211; Absenkung der 95 %-Grenze auf 90 %<br \/>\n&#8211; Die relevante Beteiligungsh\u00f6he soll bei s\u00e4mtlichen Erg\u00e4nzungstatbest\u00e4nden von mindestens 95 % auf mindestens 90 % der Anteile abgesenkt werden.<br \/>\n&#8211; Schaffung eines neuen Erg\u00e4nzungstatbestands f\u00fcr Kapitalgesellschaften<br \/>\n&#8211; Nach derzeitiger Rechtslage werden Gesellschafterwechsel an grundbesitzenden Personengesellschaften in H\u00f6he von mindestens 95 % der Anteile am Gesellschaftsverm\u00f6gen innerhalb eines Zeitraums von f\u00fcnf Jahren erfasst. Diese Vorschrift soll auf Anteilseignerwechsel an grundbesitzenden Kapitalgesellschaften ausgedehnt und die Quote auf 90% herabgesetzt werden.<\/p>\n","protected":false},"excerpt":{"rendered":"<p>Seitens des Gesetzgebers bestehen Bestrebungen, die Grunderwerbsteuer im Bereich der Anteils\u00fcbertragungen an grundbesitzenden Gesellschaften zu versch\u00e4rfen. Die L\u00e4nderfinanzminister haben sich unter anderem auf folgende Ma\u00dfnahmen mehrheitlich verst\u00e4ndigt: &#8211; Verl\u00e4ngerung der Fristen von 5 auf 10 Jahre &#8211; Die derzeitigen F\u00fcnfjahresfristen in den Vorschriften des Grunderwerbsteuergesetzes sollen auf zehn Jahre verl\u00e4ngert werden. &#8211; Absenkung der 95 [&hellip;]<\/p>\n","protected":false},"author":5,"featured_media":945,"comment_status":"closed","ping_status":"closed","sticky":false,"template":"","format":"standard","meta":{"footnotes":""},"categories":[4,8],"tags":[],"class_list":["post-1209","post","type-post","status-publish","format-standard","has-post-thumbnail","hentry","category-aktuelles","category-gesellschaftsrecht"],"_links":{"self":[{"href":"https:\/\/wss-osnabrueck.de\/index.php?rest_route=\/wp\/v2\/posts\/1209","targetHints":{"allow":["GET"]}}],"collection":[{"href":"https:\/\/wss-osnabrueck.de\/index.php?rest_route=\/wp\/v2\/posts"}],"about":[{"href":"https:\/\/wss-osnabrueck.de\/index.php?rest_route=\/wp\/v2\/types\/post"}],"author":[{"embeddable":true,"href":"https:\/\/wss-osnabrueck.de\/index.php?rest_route=\/wp\/v2\/users\/5"}],"replies":[{"embeddable":true,"href":"https:\/\/wss-osnabrueck.de\/index.php?rest_route=%2Fwp%2Fv2%2Fcomments&post=1209"}],"version-history":[{"count":2,"href":"https:\/\/wss-osnabrueck.de\/index.php?rest_route=\/wp\/v2\/posts\/1209\/revisions"}],"predecessor-version":[{"id":1211,"href":"https:\/\/wss-osnabrueck.de\/index.php?rest_route=\/wp\/v2\/posts\/1209\/revisions\/1211"}],"wp:featuredmedia":[{"embeddable":true,"href":"https:\/\/wss-osnabrueck.de\/index.php?rest_route=\/wp\/v2\/media\/945"}],"wp:attachment":[{"href":"https:\/\/wss-osnabrueck.de\/index.php?rest_route=%2Fwp%2Fv2%2Fmedia&parent=1209"}],"wp:term":[{"taxonomy":"category","embeddable":true,"href":"https:\/\/wss-osnabrueck.de\/index.php?rest_route=%2Fwp%2Fv2%2Fcategories&post=1209"},{"taxonomy":"post_tag","embeddable":true,"href":"https:\/\/wss-osnabrueck.de\/index.php?rest_route=%2Fwp%2Fv2%2Ftags&post=1209"}],"curies":[{"name":"wp","href":"https:\/\/api.w.org\/{rel}","templated":true}]}}